{"id":456,"date":"2023-10-24T14:28:50","date_gmt":"2023-10-24T11:28:50","guid":{"rendered":"https:\/\/tietoisuusyhdistaameidat.fi\/?p=456"},"modified":"2023-10-24T14:28:50","modified_gmt":"2023-10-24T11:28:50","slug":"kannat-vastuuta-yhteisostasi","status":"publish","type":"post","link":"https:\/\/tietoisuusyhdistaameidat.fi\/?p=456","title":{"rendered":"Kannat vastuuta yhteis\u00f6st\u00e4si"},"content":{"rendered":"\n<p>Oletko miettinyt sit\u00e4, onko el\u00e4m\u00e4ss\u00e4 mill\u00e4\u00e4n mit\u00e4\u00e4n v\u00e4li\u00e4? Olenko antanut sellaisen vaikutelman, ett\u00e4 sill\u00e4, miten el\u00e4m\u00e4\u00e4si el\u00e4t, ei ole mit\u00e4\u00e4n v\u00e4li\u00e4? Saattaa olla, ett\u00e4 teksteiss\u00e4 on korostunut vapautesi el\u00e4\u00e4 miten haluat. Sen ei kuitenkaan pit\u00e4isi himment\u00e4\u00e4 perimm\u00e4ist\u00e4 viesti\u00e4ni siit\u00e4, ett\u00e4 vapaalla tahdollasi on my\u00f6s k\u00e4\u00e4nt\u00f6puoli.<\/p>\n\n\n\n<p>Onko sinulle selv\u00e4\u00e4 se, ett\u00e4 olet itse vastuussa tekemisist\u00e4si? Sinun itsesi on arvioitava kaikki se, mit\u00e4 olet tehnyt tai j\u00e4tt\u00e4nyt tekem\u00e4tt\u00e4. Kukaan toinen ihminen tai inkarnoitunut sielu ei omaa sellaista kyky\u00e4 tai kokonaisvaltaista n\u00e4kemyst\u00e4, joka oikeuttaisi kenenk\u00e4\u00e4n toisen maanp\u00e4\u00e4ll\u00e4 el\u00e4neen ihmisen tai inkarnoituneen olennon tuomitsemisen tai edes arvioimaan sit\u00e4, mit\u00e4 joku toinen on tehnyt.<\/p>\n\n\n\n<p>Sin\u00e4 vastaat omista teoistasi. Sen lis\u00e4ksi kannat vastuuta kaikesta siit\u00e4, mit\u00e4 yhteis\u00f6, jossa el\u00e4t, saa aikaan. Se on kollektiivista vastuuta kaikesta siit\u00e4, mihin jokainen sielu jonkin yhteis\u00f6n j\u00e4senen\u00e4 osallistuu. Et voi sulkea itse\u00e4si pois mist\u00e4\u00e4n sellaisesta, joka velvoittaa sinuakin toimimaan.<\/p>\n\n\n\n<p>Jokaisen on kannettava kortensa kekoon oman yhteis\u00f6ns\u00e4 vuoksi. Sinun osuutesi voi olla pieni ja l\u00e4hes huomaamaton, mutta siit\u00e4 huolimatta olet osaltasi vastuussa siit\u00e4, mit\u00e4 ymp\u00e4rill\u00e4si tapahtuu.<\/p>\n\n\n\n<p>Voit el\u00e4\u00e4 el\u00e4m\u00e4si miten haluat, mutta vastaat siit\u00e4 sek\u00e4 omasta puolestasi ett\u00e4 yhteis\u00f6n j\u00e4senen\u00e4. Kukaan ei el\u00e4 yksin vaan osana yhteis\u00f6\u00e4. Siksi my\u00f6s vastuu jakautuu kaikille.<\/p>\n\n\n\n<p><\/p>\n\n\n\n<figure class=\"wp-block-image size-large is-resized\"><img loading=\"lazy\" decoding=\"async\" width=\"1024\" height=\"682\" src=\"https:\/\/tietoisuusyhdistaameidat.fi\/wp-content\/uploads\/2023\/10\/hands-6247357_1280-1024x682.webp\" alt=\"\" class=\"wp-image-457\" style=\"aspect-ratio:1.501466275659824;width:443px;height:auto\" srcset=\"https:\/\/tietoisuusyhdistaameidat.fi\/wp-content\/uploads\/2023\/10\/hands-6247357_1280-1024x682.webp 1024w, https:\/\/tietoisuusyhdistaameidat.fi\/wp-content\/uploads\/2023\/10\/hands-6247357_1280-300x200.webp 300w, https:\/\/tietoisuusyhdistaameidat.fi\/wp-content\/uploads\/2023\/10\/hands-6247357_1280-768x512.webp 768w, https:\/\/tietoisuusyhdistaameidat.fi\/wp-content\/uploads\/2023\/10\/hands-6247357_1280.webp 1280w\" sizes=\"auto, (max-width: 1024px) 100vw, 1024px\" \/><\/figure>\n","protected":false},"excerpt":{"rendered":"<p>Oletko miettinyt sit\u00e4, onko el\u00e4m\u00e4ss\u00e4 mill\u00e4\u00e4n mit\u00e4\u00e4n v\u00e4li\u00e4? Olenko antanut sellaisen vaikutelman, ett\u00e4 sill\u00e4, miten el\u00e4m\u00e4\u00e4si el\u00e4t, ei ole mit\u00e4\u00e4n v\u00e4li\u00e4? Saattaa olla, ett\u00e4 teksteiss\u00e4 on korostunut vapautesi el\u00e4\u00e4 miten haluat. Sen ei kuitenkaan pit\u00e4isi himment\u00e4\u00e4 perimm\u00e4ist\u00e4 viesti\u00e4ni siit\u00e4, ett\u00e4 vapaalla tahdollasi on my\u00f6s k\u00e4\u00e4nt\u00f6puoli. Onko sinulle selv\u00e4\u00e4 se, ett\u00e4 olet itse vastuussa tekemisist\u00e4si? Sinun [&hellip;]<\/p>\n","protected":false},"author":1,"featured_media":0,"comment_status":"closed","ping_status":"open","sticky":false,"template":"","format":"standard","meta":{"footnotes":""},"categories":[1],"tags":[],"class_list":["post-456","post","type-post","status-publish","format-standard","hentry","category-uncategorized"],"_links":{"self":[{"href":"https:\/\/tietoisuusyhdistaameidat.fi\/index.php?rest_route=\/wp\/v2\/posts\/456","targetHints":{"allow":["GET"]}}],"collection":[{"href":"https:\/\/tietoisuusyhdistaameidat.fi\/index.php?rest_route=\/wp\/v2\/posts"}],"about":[{"href":"https:\/\/tietoisuusyhdistaameidat.fi\/index.php?rest_route=\/wp\/v2\/types\/post"}],"author":[{"embeddable":true,"href":"https:\/\/tietoisuusyhdistaameidat.fi\/index.php?rest_route=\/wp\/v2\/users\/1"}],"replies":[{"embeddable":true,"href":"https:\/\/tietoisuusyhdistaameidat.fi\/index.php?rest_route=%2Fwp%2Fv2%2Fcomments&post=456"}],"version-history":[{"count":1,"href":"https:\/\/tietoisuusyhdistaameidat.fi\/index.php?rest_route=\/wp\/v2\/posts\/456\/revisions"}],"predecessor-version":[{"id":458,"href":"https:\/\/tietoisuusyhdistaameidat.fi\/index.php?rest_route=\/wp\/v2\/posts\/456\/revisions\/458"}],"wp:attachment":[{"href":"https:\/\/tietoisuusyhdistaameidat.fi\/index.php?rest_route=%2Fwp%2Fv2%2Fmedia&parent=456"}],"wp:term":[{"taxonomy":"category","embeddable":true,"href":"https:\/\/tietoisuusyhdistaameidat.fi\/index.php?rest_route=%2Fwp%2Fv2%2Fcategories&post=456"},{"taxonomy":"post_tag","embeddable":true,"href":"https:\/\/tietoisuusyhdistaameidat.fi\/index.php?rest_route=%2Fwp%2Fv2%2Ftags&post=456"}],"curies":[{"name":"wp","href":"https:\/\/api.w.org\/{rel}","templated":true}]}}