{"id":502,"date":"2023-12-30T13:20:46","date_gmt":"2023-12-30T11:20:46","guid":{"rendered":"https:\/\/tietoisuusyhdistaameidat.fi\/?p=502"},"modified":"2023-12-30T13:20:46","modified_gmt":"2023-12-30T11:20:46","slug":"henkimaailmassa-ei-ole-aikaa","status":"publish","type":"post","link":"https:\/\/tietoisuusyhdistaameidat.fi\/?p=502","title":{"rendered":"Henkimaailmassa ei ole aikaa"},"content":{"rendered":"\n<p>Henkimaailma on ikuinen. Henkimaailma on. Mit\u00e4\u00e4n alkua ei ole, kuten ei ole loppuakaan. Siksi voimme sanoa, ett\u00e4 henkimaailmassa ei ole aikaa.<\/p>\n\n\n\n<p>Voitko kuvitella el\u00e4m\u00e4\u00e4 ilman aikaa? Ajan k\u00e4sitteellist\u00e4minen ja sen ymm\u00e4rt\u00e4minen, ett\u00e4 aika kuluu, ovat olennainen osa maallista el\u00e4m\u00e4\u00e4. Aikaa ei ikuisessa el\u00e4m\u00e4ss\u00e4 kuitenkaan ole olemassa.<\/p>\n\n\n\n<p>Mit\u00e4\u00e4n muitakaan aikasidonnaisia rajoituksia ei ole. Mik\u00e4\u00e4n ei ala eik\u00e4 lopu. Kaikki, mit\u00e4 on, on koko ajan. Huomaatko, ett\u00e4 k\u00e4ytin ilmaisua \u201dkoko ajan\u201d? T\u00e4m\u00e4 johtuu siit\u00e4, ett\u00e4 teid\u00e4n ajattelunne perustuu ajan k\u00e4sitteeseen. Ette tunnista mit\u00e4\u00e4n sellaista, joka ON riippumatta siit\u00e4, milloin se on alkanut tai milloin se p\u00e4\u00e4ttyy. Mit\u00e4\u00e4n ajan kulumisesta irrotettua ette voi k\u00e4sitt\u00e4\u00e4. Siksi minun on k\u00e4ytett\u00e4v\u00e4 ilmaisua \u201dkoko ajan\u201d, vaikka se kirjaimellisesti tarkasteltuna ei pid\u00e4 kutiaan.<\/p>\n\n\n\n<p>Mit\u00e4\u00e4n t\u00e4m\u00e4n enemp\u00e4\u00e4 en voi selitt\u00e4\u00e4 siit\u00e4, millaista ajaton ikuisuus on. Siksi kysyn nyt sinulta, voisiko maailmankuvasi muodostua asioista, olennoista, ilmi\u00f6ist\u00e4 ja muista senkaltaisista edesottamuksista, joita et ole pit\u00e4nyt mahdollisena.<\/p>\n\n\n\n<p>Mit\u00e4\u00e4n tyhjent\u00e4v\u00e4\u00e4 selityst\u00e4 sille, miksi voisit uskoa henkimaailmaan ilman, ett\u00e4 koet sit\u00e4 mill\u00e4\u00e4n tavalla, on l\u00e4hes mahdotonta antaa. Mik\u00e4\u00e4n ei kuitenkaan ole vapauttavampaa kuin oivaltaa, ett\u00e4 mit\u00e4\u00e4n j\u00e4rkeenk\u00e4yp\u00e4\u00e4 selityst\u00e4 ei ole my\u00f6sk\u00e4\u00e4n sille, ett\u00e4 vain n\u00e4kyv\u00e4 maailma olisi todellista. Mit\u00e4\u00e4n j\u00e4rkeenk\u00e4yp\u00e4\u00e4 selityst\u00e4 ei ole kummallekaan vaihtoehdolle.<\/p>\n\n\n\n<p>Miksi siis et voisi uskoa, ett\u00e4 ihminen tiet\u00e4\u00e4 vain hyvin v\u00e4h\u00e4n h\u00e4nt\u00e4 ymp\u00e4r\u00f6iv\u00e4st\u00e4 todellisuudesta ja antaa itsellesi mahdollisuus uskaltautua tutkimaan maailmaa ei vain viiden aistin varassa vaan my\u00f6s k\u00e4ytt\u00e4en kaikkia niit\u00e4 keinoja, joita avartuva maailmankuvasi tarjoaa.<\/p>\n\n\n\n<p><\/p>\n\n\n\n<figure class=\"wp-block-image size-large is-resized\"><img loading=\"lazy\" decoding=\"async\" width=\"1024\" height=\"768\" src=\"https:\/\/tietoisuusyhdistaameidat.fi\/wp-content\/uploads\/2023\/12\/clock-598837_1280-1-1024x768.webp\" alt=\"\" class=\"wp-image-503\" style=\"width:456px;height:auto\" srcset=\"https:\/\/tietoisuusyhdistaameidat.fi\/wp-content\/uploads\/2023\/12\/clock-598837_1280-1-1024x768.webp 1024w, https:\/\/tietoisuusyhdistaameidat.fi\/wp-content\/uploads\/2023\/12\/clock-598837_1280-1-300x225.webp 300w, https:\/\/tietoisuusyhdistaameidat.fi\/wp-content\/uploads\/2023\/12\/clock-598837_1280-1-768x576.webp 768w, https:\/\/tietoisuusyhdistaameidat.fi\/wp-content\/uploads\/2023\/12\/clock-598837_1280-1.webp 1280w\" sizes=\"auto, (max-width: 1024px) 100vw, 1024px\" \/><\/figure>\n","protected":false},"excerpt":{"rendered":"<p>Henkimaailma on ikuinen. Henkimaailma on. Mit\u00e4\u00e4n alkua ei ole, kuten ei ole loppuakaan. Siksi voimme sanoa, ett\u00e4 henkimaailmassa ei ole aikaa. Voitko kuvitella el\u00e4m\u00e4\u00e4 ilman aikaa? Ajan k\u00e4sitteellist\u00e4minen ja sen ymm\u00e4rt\u00e4minen, ett\u00e4 aika kuluu, ovat olennainen osa maallista el\u00e4m\u00e4\u00e4. Aikaa ei ikuisessa el\u00e4m\u00e4ss\u00e4 kuitenkaan ole olemassa. Mit\u00e4\u00e4n muitakaan aikasidonnaisia rajoituksia ei ole. Mik\u00e4\u00e4n ei ala [&hellip;]<\/p>\n","protected":false},"author":1,"featured_media":0,"comment_status":"closed","ping_status":"open","sticky":false,"template":"","format":"standard","meta":{"footnotes":""},"categories":[1],"tags":[],"class_list":["post-502","post","type-post","status-publish","format-standard","hentry","category-uncategorized"],"_links":{"self":[{"href":"https:\/\/tietoisuusyhdistaameidat.fi\/index.php?rest_route=\/wp\/v2\/posts\/502","targetHints":{"allow":["GET"]}}],"collection":[{"href":"https:\/\/tietoisuusyhdistaameidat.fi\/index.php?rest_route=\/wp\/v2\/posts"}],"about":[{"href":"https:\/\/tietoisuusyhdistaameidat.fi\/index.php?rest_route=\/wp\/v2\/types\/post"}],"author":[{"embeddable":true,"href":"https:\/\/tietoisuusyhdistaameidat.fi\/index.php?rest_route=\/wp\/v2\/users\/1"}],"replies":[{"embeddable":true,"href":"https:\/\/tietoisuusyhdistaameidat.fi\/index.php?rest_route=%2Fwp%2Fv2%2Fcomments&post=502"}],"version-history":[{"count":1,"href":"https:\/\/tietoisuusyhdistaameidat.fi\/index.php?rest_route=\/wp\/v2\/posts\/502\/revisions"}],"predecessor-version":[{"id":504,"href":"https:\/\/tietoisuusyhdistaameidat.fi\/index.php?rest_route=\/wp\/v2\/posts\/502\/revisions\/504"}],"wp:attachment":[{"href":"https:\/\/tietoisuusyhdistaameidat.fi\/index.php?rest_route=%2Fwp%2Fv2%2Fmedia&parent=502"}],"wp:term":[{"taxonomy":"category","embeddable":true,"href":"https:\/\/tietoisuusyhdistaameidat.fi\/index.php?rest_route=%2Fwp%2Fv2%2Fcategories&post=502"},{"taxonomy":"post_tag","embeddable":true,"href":"https:\/\/tietoisuusyhdistaameidat.fi\/index.php?rest_route=%2Fwp%2Fv2%2Ftags&post=502"}],"curies":[{"name":"wp","href":"https:\/\/api.w.org\/{rel}","templated":true}]}}